{"id":888,"date":"2018-12-18T11:49:16","date_gmt":"2018-12-18T10:49:16","guid":{"rendered":"https:\/\/amblibreville.esteri.it\/news\/dall_ambasciata\/2018\/12\/l-ambasciatore-di-muzio-incontra_1\/"},"modified":"2018-12-18T11:49:16","modified_gmt":"2018-12-18T10:49:16","slug":"l-ambasciatore-di-muzio-incontra_1","status":"publish","type":"post","link":"https:\/\/amblibreville.esteri.it\/it\/news\/dall_ambasciata\/2018\/12\/l-ambasciatore-di-muzio-incontra_1\/","title":{"rendered":"L\u2019Ambasciatore Di Muzio incontra per la prima volta la Comunit\u00e0 italiana residente."},"content":{"rendered":"<p>Il 13 dicembre scorso l\u2019Ambasciatore d\u2019Italia a Libreville Gabriele Di Muzio ha, a poco pi\u00f9 di un mese dalla sua assunzione, organizzato un evento conviviale presso uno dei pi\u00f9 importanti ristoranti italiani di Libreville, per incontrare la Comunit\u00e0 italiana qui residente, presentarsi e cogliere l\u2019occasione per scambiarsi gli auguri in vista delle imminenti festivit\u00e0.<br \/>Nel corso dell\u2019evento, al quale hanno partecipato un centinaio di connazionali ed italo-gabonesi, in omaggio alla Settimana della cucina italiana sono stati offerti i prodotti della nostra tradizione enogastronomica (tra cui vini e prosecco italiani, prosciutto di Parma, Parmigiano reggiano, tiramisu, ecc.) che hanno contributo a creare un ambiente molto cordiale, consentendo all\u2019Ambasciatore di farsi conoscere e di avvicinarsi alla nostra variegata ed attivissima collettivit\u00e0.<\/p>\n","protected":false},"excerpt":{"rendered":"Il 13 dicembre scorso l\u2019Ambasciatore d\u2019Italia a Libreville Gabriele Di Muzio ha, a poco pi\u00f9 di un mese dalla sua assunzione, organizzato un evento conviviale presso uno dei pi\u00f9 importanti ristoranti italiani di Libreville, per incontrare la Comunit\u00e0 italiana qui residente, presentarsi e cogliere l\u2019occasione per scambiarsi gli auguri in vista delle imminenti festivit\u00e0.Nel corso [&hellip;]","protected":false},"author":1,"featured_media":0,"comment_status":"","ping_status":"","sticky":false,"template":"","format":"standard","meta":{"footnotes":""},"tags":[],"class_list":["post-888","post","type-post","status-publish","format-standard","hentry"],"_links":{"self":[{"href":"https:\/\/amblibreville.esteri.it\/it\/wp-json\/wp\/v2\/posts\/888","targetHints":{"allow":["GET"]}}],"collection":[{"href":"https:\/\/amblibreville.esteri.it\/it\/wp-json\/wp\/v2\/posts"}],"about":[{"href":"https:\/\/amblibreville.esteri.it\/it\/wp-json\/wp\/v2\/types\/post"}],"author":[{"embeddable":true,"href":"https:\/\/amblibreville.esteri.it\/it\/wp-json\/wp\/v2\/users\/1"}],"replies":[{"embeddable":true,"href":"https:\/\/amblibreville.esteri.it\/it\/wp-json\/wp\/v2\/comments?post=888"}],"version-history":[{"count":0,"href":"https:\/\/amblibreville.esteri.it\/it\/wp-json\/wp\/v2\/posts\/888\/revisions"}],"wp:attachment":[{"href":"https:\/\/amblibreville.esteri.it\/it\/wp-json\/wp\/v2\/media?parent=888"}],"wp:term":[{"taxonomy":"post_tag","embeddable":true,"href":"https:\/\/amblibreville.esteri.it\/it\/wp-json\/wp\/v2\/tags?post=888"}],"curies":[{"name":"wp","href":"https:\/\/api.w.org\/{rel}","templated":true}]}}