{"id":2525,"date":"2026-03-09T12:43:58","date_gmt":"2026-03-09T11:43:58","guid":{"rendered":"https:\/\/amblibreville.esteri.it\/?p=2525"},"modified":"2026-03-09T12:43:58","modified_gmt":"2026-03-09T11:43:58","slug":"referendum-constitutionnel-confirmatif-des-22-et-23-mars-2026-2","status":"publish","type":"post","link":"https:\/\/amblibreville.esteri.it\/fr\/news\/dall_ambasciata\/2026\/03\/referendum-constitutionnel-confirmatif-des-22-et-23-mars-2026-2\/","title":{"rendered":"R\u00c9F\u00c9RENDUM CONSTITUTIONNEL CONFIRMATIF DES 22 ET 23 MARS 2026"},"content":{"rendered":"<p>Les bulletins de vote remplis doivent \u00eatre renvoy\u00e9s au bureau consulaire comp\u00e9tent afin qu\u2019ils parviennent <strong data-start=\"107\" data-end=\"152\">au plus tard \u00e0 16 heures le jeudi 19 mars<\/strong>.<br data-start=\"153\" data-end=\"156\" \/>Si vous n\u2019avez pas re\u00e7u l\u2019enveloppe \u00e9lectorale, vous pouvez demander un duplicata \u00e0 votre consulat de r\u00e9f\u00e9rence.<\/p>\n","protected":false},"excerpt":{"rendered":"Les bulletins de vote remplis doivent \u00eatre renvoy\u00e9s au bureau consulaire comp\u00e9tent afin qu\u2019ils parviennent au plus tard \u00e0 16 heures le jeudi 19 mars.Si vous n\u2019avez pas re\u00e7u l\u2019enveloppe \u00e9lectorale, vous pouvez demander un duplicata \u00e0 votre consulat de r\u00e9f\u00e9rence.","protected":false},"author":12,"featured_media":2521,"comment_status":"closed","ping_status":"closed","sticky":false,"template":"","format":"standard","meta":{"footnotes":""},"tags":[],"class_list":["post-2525","post","type-post","status-publish","format-standard","has-post-thumbnail","hentry"],"_links":{"self":[{"href":"https:\/\/amblibreville.esteri.it\/fr\/wp-json\/wp\/v2\/posts\/2525","targetHints":{"allow":["GET"]}}],"collection":[{"href":"https:\/\/amblibreville.esteri.it\/fr\/wp-json\/wp\/v2\/posts"}],"about":[{"href":"https:\/\/amblibreville.esteri.it\/fr\/wp-json\/wp\/v2\/types\/post"}],"author":[{"embeddable":true,"href":"https:\/\/amblibreville.esteri.it\/fr\/wp-json\/wp\/v2\/users\/12"}],"replies":[{"embeddable":true,"href":"https:\/\/amblibreville.esteri.it\/fr\/wp-json\/wp\/v2\/comments?post=2525"}],"version-history":[{"count":1,"href":"https:\/\/amblibreville.esteri.it\/fr\/wp-json\/wp\/v2\/posts\/2525\/revisions"}],"predecessor-version":[{"id":2526,"href":"https:\/\/amblibreville.esteri.it\/fr\/wp-json\/wp\/v2\/posts\/2525\/revisions\/2526"}],"wp:featuredmedia":[{"embeddable":true,"href":"https:\/\/amblibreville.esteri.it\/fr\/wp-json\/wp\/v2\/media\/2521"}],"wp:attachment":[{"href":"https:\/\/amblibreville.esteri.it\/fr\/wp-json\/wp\/v2\/media?parent=2525"}],"wp:term":[{"taxonomy":"post_tag","embeddable":true,"href":"https:\/\/amblibreville.esteri.it\/fr\/wp-json\/wp\/v2\/tags?post=2525"}],"curies":[{"name":"wp","href":"https:\/\/api.w.org\/{rel}","templated":true}]}}